
{"id":904,"date":"2025-04-27T10:00:57","date_gmt":"2025-04-27T10:00:57","guid":{"rendered":"https:\/\/gillmanfest.com.ve\/ccs-2025-xx-aniversario\/?p=904"},"modified":"2025-04-28T02:34:31","modified_gmt":"2025-04-28T02:34:31","slug":"paul-gillman-y-los-valientes","status":"publish","type":"post","link":"https:\/\/gillmanfest.com.ve\/ccs-2025-xx-aniversario\/2025\/04\/27\/paul-gillman-y-los-valientes\/","title":{"rendered":"Paul Gillman y Los Valientes"},"content":{"rendered":"<p><img decoding=\"async\" src=\"https:\/\/gillmanfest.com.ve\/caracas-2025\/paul-gillman-y-los-valientes.jpg\" oncopy=\"alert('Funci\u00f3n no permitida');return false\" oncontextmenu=\"alert('Funci\u00f3n no permitida');return false\" title=\"PAUL GILLMAN Y LOS VALIENTES\" width=\"700\"><\/a><\/p>\n<p><center><b>PAUL GILLMAN<\/b><br \/>\nVocalista<\/p>\n<p><b>LUIS LOYO<\/b><br \/>\nGuitarra y Coros<\/p>\n<p><b>JUAN CARLOS COLOMBO<\/b><br \/>\nBater\u00eda<\/p>\n<p><b>JOHN BUSTAMANTE <\/b><br \/>\nGuitarra y Coros<\/p>\n<p><b>LUIS \u00abVAMPIRO\u00bb SANABRIA <\/b><br \/>\nBajo<\/center><\/p>\n<p><center><\/p>\n<h3>SOBRE LA BANDA<\/h3>\n<p><\/center><\/p>\n<p>PAUL GILLMAN y LOS VALIENTES es el d\u00e9cimo proyecto musical de PAUL GILLMAN desde la fundaci\u00f3n de POWER AGE en 1978 hasta nuestros d\u00edas, el mismo est\u00e1 inspirado en sus 7 primeros trabajos discogr\u00e1ficos y de la  pr\u00f3xima caja de 4 CDS de Colecci\u00f3n \u00abDIOSES y MITOS\u00bb (PAUL GILLMAN &#038; LUIS LOYO).<\/p>\n<p>Es decir, una agrupaci\u00f3n inspirada en la m\u00e1s pura nostalgia de los 70&#8217;s-80&#8217;s y principios de los 90&#8217;s.<br \/>\nCabe destacar que se trata de un SUPER-GRUPO paralelo a la banda oficial GILLMAN, la cual se mantiene activa con sus miembros actuales.<\/p>\n<p>PAUL GILLMAN &#038; LOS VALIENTES viene a convertirse en el grupo que nos sorprender\u00e1 con cada repertorio,no solo con canciones muy poco o nunca tocadas con GILLMAN, sino que tambi\u00e9n nos ofrecer\u00e1 grandes cl\u00e1sicos inmortales del Rock internacional que lo marcaron en su infancia y adolescencia y por supuesto, los temas m\u00e1s emblem\u00e1ticos de sus primeros 12 a\u00f1os de carrera.<\/p>\n<p><img decoding=\"async\" src=\"https:\/\/gillmanfest.com.ve\/caracas-2025\/paul-gillman-y-los-valientes-2.jpg\" oncopy=\"alert('Funci\u00f3n no permitida');return false\" oncontextmenu=\"alert('Funci\u00f3n no permitida');return false\" title=\"PAUL GILLMAN Y LOS VALIENTES\" width=\"700\"><\/a><\/p>\n<p>El Deb\u00fat Oficial de la banda se realiz\u00f3 el s\u00e1bado 22 de febrero de 2025, d\u00eda en que PAUL GILLMAN cumpli\u00f3 48 de carrera art\u00edstica en un hist\u00f3rico concierto KULTURA ROCK EN VIVO EDICI\u00d3N ESPECIAL CARACAS 2025, realizado en la Sala Juana Sujo de la Casa del Artista en Caracas. <\/p>\n<p>Resulta oportuno se\u00f1alar que el motivo principal de la creaci\u00f3n de este nuevo proyecto de PAUL GILLMAN orientado en la nostalgia de sus 12 primeros a\u00f1os y sus primeros 7 discos, con la conclusi\u00f3n del segundo ciclo del POWER AGE que como 2.0 que tambi\u00e9n dur\u00f3 3 a\u00f1os (2021-2024) casualmente coincide con el primero (1978-1981) y con el cambio de nombre como ARKANGEL (1981-1984),por una u otra raz\u00f3n, cada una de estas etapas, siempre han durado  3 a\u00f1os, est\u00e1 vez con la \u00fanica novedad de que por fin luego de 46 a\u00f1os se pudo cumplir con la deuda de poder editar 1 \u00e1lbum conservando su nombre original (\u00abPrecursores\u00bb 2024) a diferencia de los 3 que grab\u00f3 bajo en nombre ARKANGEL impuesto por la disquera.<\/p>\n<div data-carousel-extra='{\"blog_id\":1,\"permalink\":\"https:\\\/\\\/gillmanfest.com.ve\\\/ccs-2025-xx-aniversario\\\/2025\\\/04\\\/27\\\/paul-gillman-y-los-valientes\\\/\"}' class=\"tiled-gallery type-square\" data-original-width=\"640\"><div class=\"tiled-gallery-item calling-this\"><a border=\"0\" href=\"https:\/\/gillmanfest.com.ve\/ccs-2025-xx-aniversario\/wp-content\/uploads\/2025\/04\/DSC_0159-scaled.jpg\"><img decoding=\"async\" data-attachment-id=\"964\" data-orig-file=\"https:\/\/gillmanfest.com.ve\/ccs-2025-xx-aniversario\/wp-content\/uploads\/2025\/04\/DSC_0159-scaled.jpg\" data-orig-size=\"2560,1707\" data-comments-opened=\"1\" data-image-meta=\"{&quot;aperture&quot;:&quot;2.5&quot;,&quot;credit&quot;:&quot;&quot;,&quot;camera&quot;:&quot;NIKON D5300&quot;,&quot;caption&quot;:&quot;&quot;,&quot;created_timestamp&quot;:&quot;1740244048&quot;,&quot;copyright&quot;:&quot;&quot;,&quot;focal_length&quot;:&quot;50&quot;,&quot;iso&quot;:&quot;1600&quot;,&quot;shutter_speed&quot;:&quot;0.0025&quot;,&quot;title&quot;:&quot;&quot;,&quot;orientation&quot;:&quot;1&quot;}\" data-image-title=\"PAUL GILLMAN Y LOS VALIENTES\" data-image-description=\"\" data-medium-file=\"https:\/\/gillmanfest.com.ve\/ccs-2025-xx-aniversario\/wp-content\/uploads\/2025\/04\/DSC_0159-300x200.jpg\" data-large-file=\"https:\/\/gillmanfest.com.ve\/ccs-2025-xx-aniversario\/wp-content\/uploads\/2025\/04\/DSC_0159-1024x683.jpg\" style=\"margin: 2px\" src=\"https:\/\/gillmanfest.com.ve\/ccs-2025-xx-aniversario\/wp-content\/uploads\/2025\/04\/DSC_0159-scaled-1024x1024.jpg\" width=315 height=315 title=\"PAUL GILLMAN Y LOS VALIENTES\" \/><\/a><\/div><div class=\"tiled-gallery-item calling-this\"><a border=\"0\" href=\"https:\/\/gillmanfest.com.ve\/ccs-2025-xx-aniversario\/wp-content\/uploads\/2025\/04\/DSC_0173-scaled.jpg\"><img decoding=\"async\" data-attachment-id=\"965\" data-orig-file=\"https:\/\/gillmanfest.com.ve\/ccs-2025-xx-aniversario\/wp-content\/uploads\/2025\/04\/DSC_0173-scaled.jpg\" data-orig-size=\"1781,2560\" data-comments-opened=\"1\" data-image-meta=\"{&quot;aperture&quot;:&quot;2.5&quot;,&quot;credit&quot;:&quot;&quot;,&quot;camera&quot;:&quot;NIKON D5300&quot;,&quot;caption&quot;:&quot;&quot;,&quot;created_timestamp&quot;:&quot;1740244200&quot;,&quot;copyright&quot;:&quot;&quot;,&quot;focal_length&quot;:&quot;50&quot;,&quot;iso&quot;:&quot;1600&quot;,&quot;shutter_speed&quot;:&quot;0.0015625&quot;,&quot;title&quot;:&quot;&quot;,&quot;orientation&quot;:&quot;1&quot;}\" data-image-title=\"PAUL GILLMAN Y LOS VALIENTES\" data-image-description=\"\" data-medium-file=\"https:\/\/gillmanfest.com.ve\/ccs-2025-xx-aniversario\/wp-content\/uploads\/2025\/04\/DSC_0173-209x300.jpg\" data-large-file=\"https:\/\/gillmanfest.com.ve\/ccs-2025-xx-aniversario\/wp-content\/uploads\/2025\/04\/DSC_0173-712x1024.jpg\" style=\"margin: 2px\" src=\"https:\/\/gillmanfest.com.ve\/ccs-2025-xx-aniversario\/wp-content\/uploads\/2025\/04\/DSC_0173-scaled-1024x1024.jpg\" width=315 height=315 title=\"PAUL GILLMAN Y LOS VALIENTES\" \/><\/a><\/div><div class=\"tiled-gallery-item calling-this\"><a border=\"0\" href=\"https:\/\/gillmanfest.com.ve\/ccs-2025-xx-aniversario\/wp-content\/uploads\/2025\/04\/DSC_0224-scaled.jpg\"><img decoding=\"async\" data-attachment-id=\"966\" data-orig-file=\"https:\/\/gillmanfest.com.ve\/ccs-2025-xx-aniversario\/wp-content\/uploads\/2025\/04\/DSC_0224-scaled.jpg\" data-orig-size=\"2560,1707\" data-comments-opened=\"1\" data-image-meta=\"{&quot;aperture&quot;:&quot;2.5&quot;,&quot;credit&quot;:&quot;&quot;,&quot;camera&quot;:&quot;NIKON D5300&quot;,&quot;caption&quot;:&quot;&quot;,&quot;created_timestamp&quot;:&quot;1740244731&quot;,&quot;copyright&quot;:&quot;&quot;,&quot;focal_length&quot;:&quot;50&quot;,&quot;iso&quot;:&quot;1600&quot;,&quot;shutter_speed&quot;:&quot;0.004&quot;,&quot;title&quot;:&quot;&quot;,&quot;orientation&quot;:&quot;1&quot;}\" data-image-title=\"PAUL GILLMAN Y LOS VALIENTES\" data-image-description=\"\" data-medium-file=\"https:\/\/gillmanfest.com.ve\/ccs-2025-xx-aniversario\/wp-content\/uploads\/2025\/04\/DSC_0224-300x200.jpg\" data-large-file=\"https:\/\/gillmanfest.com.ve\/ccs-2025-xx-aniversario\/wp-content\/uploads\/2025\/04\/DSC_0224-1024x683.jpg\" style=\"margin: 2px\" src=\"https:\/\/gillmanfest.com.ve\/ccs-2025-xx-aniversario\/wp-content\/uploads\/2025\/04\/DSC_0224-scaled-1024x1024.jpg\" width=209 height=209 title=\"PAUL GILLMAN Y LOS VALIENTES\" \/><\/a><\/div><div class=\"tiled-gallery-item calling-this\"><a border=\"0\" href=\"https:\/\/gillmanfest.com.ve\/ccs-2025-xx-aniversario\/wp-content\/uploads\/2025\/04\/DSC_0498-scaled.jpg\"><img decoding=\"async\" data-attachment-id=\"971\" data-orig-file=\"https:\/\/gillmanfest.com.ve\/ccs-2025-xx-aniversario\/wp-content\/uploads\/2025\/04\/DSC_0498-scaled.jpg\" data-orig-size=\"2560,1707\" data-comments-opened=\"1\" data-image-meta=\"{&quot;aperture&quot;:&quot;5&quot;,&quot;credit&quot;:&quot;&quot;,&quot;camera&quot;:&quot;NIKON D5300&quot;,&quot;caption&quot;:&quot;&quot;,&quot;created_timestamp&quot;:&quot;1740249260&quot;,&quot;copyright&quot;:&quot;&quot;,&quot;focal_length&quot;:&quot;52&quot;,&quot;iso&quot;:&quot;3200&quot;,&quot;shutter_speed&quot;:&quot;0.00625&quot;,&quot;title&quot;:&quot;&quot;,&quot;orientation&quot;:&quot;1&quot;}\" data-image-title=\"PAUL GILLMAN Y LOS VALIENTES\" data-image-description=\"\" data-medium-file=\"https:\/\/gillmanfest.com.ve\/ccs-2025-xx-aniversario\/wp-content\/uploads\/2025\/04\/DSC_0498-300x200.jpg\" data-large-file=\"https:\/\/gillmanfest.com.ve\/ccs-2025-xx-aniversario\/wp-content\/uploads\/2025\/04\/DSC_0498-1024x683.jpg\" style=\"margin: 2px\" src=\"https:\/\/gillmanfest.com.ve\/ccs-2025-xx-aniversario\/wp-content\/uploads\/2025\/04\/DSC_0498-scaled-1024x1024.jpg\" width=209 height=209 title=\"PAUL GILLMAN Y LOS VALIENTES\" \/><\/a><\/div><div class=\"tiled-gallery-item calling-this\"><a border=\"0\" href=\"https:\/\/gillmanfest.com.ve\/ccs-2025-xx-aniversario\/wp-content\/uploads\/2025\/04\/DSC_0464-scaled.jpg\"><img decoding=\"async\" data-attachment-id=\"970\" data-orig-file=\"https:\/\/gillmanfest.com.ve\/ccs-2025-xx-aniversario\/wp-content\/uploads\/2025\/04\/DSC_0464-scaled.jpg\" data-orig-size=\"1939,2560\" data-comments-opened=\"1\" data-image-meta=\"{&quot;aperture&quot;:&quot;4&quot;,&quot;credit&quot;:&quot;&quot;,&quot;camera&quot;:&quot;NIKON D5300&quot;,&quot;caption&quot;:&quot;&quot;,&quot;created_timestamp&quot;:&quot;1740248700&quot;,&quot;copyright&quot;:&quot;&quot;,&quot;focal_length&quot;:&quot;25&quot;,&quot;iso&quot;:&quot;3200&quot;,&quot;shutter_speed&quot;:&quot;0.00625&quot;,&quot;title&quot;:&quot;&quot;,&quot;orientation&quot;:&quot;1&quot;}\" data-image-title=\"PAUL GILLMAN Y LOS VALIENTES\" data-image-description=\"\" data-medium-file=\"https:\/\/gillmanfest.com.ve\/ccs-2025-xx-aniversario\/wp-content\/uploads\/2025\/04\/DSC_0464-227x300.jpg\" data-large-file=\"https:\/\/gillmanfest.com.ve\/ccs-2025-xx-aniversario\/wp-content\/uploads\/2025\/04\/DSC_0464-776x1024.jpg\" style=\"margin: 2px\" src=\"https:\/\/gillmanfest.com.ve\/ccs-2025-xx-aniversario\/wp-content\/uploads\/2025\/04\/DSC_0464-scaled-1024x1024.jpg\" width=209 height=209 title=\"PAUL GILLMAN Y LOS VALIENTES\" \/><\/a><\/div><div class=\"tiled-gallery-item calling-this\"><a border=\"0\" href=\"https:\/\/gillmanfest.com.ve\/ccs-2025-xx-aniversario\/wp-content\/uploads\/2025\/04\/DSC_0417-scaled.jpg\"><img decoding=\"async\" data-attachment-id=\"969\" data-orig-file=\"https:\/\/gillmanfest.com.ve\/ccs-2025-xx-aniversario\/wp-content\/uploads\/2025\/04\/DSC_0417-scaled.jpg\" data-orig-size=\"2560,1707\" data-comments-opened=\"1\" data-image-meta=\"{&quot;aperture&quot;:&quot;5&quot;,&quot;credit&quot;:&quot;&quot;,&quot;camera&quot;:&quot;NIKON D5300&quot;,&quot;caption&quot;:&quot;&quot;,&quot;created_timestamp&quot;:&quot;1740248251&quot;,&quot;copyright&quot;:&quot;&quot;,&quot;focal_length&quot;:&quot;50&quot;,&quot;iso&quot;:&quot;3200&quot;,&quot;shutter_speed&quot;:&quot;0.00625&quot;,&quot;title&quot;:&quot;&quot;,&quot;orientation&quot;:&quot;1&quot;}\" data-image-title=\"PAUL GILLMAN Y LOS VALIENTES\" data-image-description=\"\" data-medium-file=\"https:\/\/gillmanfest.com.ve\/ccs-2025-xx-aniversario\/wp-content\/uploads\/2025\/04\/DSC_0417-300x200.jpg\" data-large-file=\"https:\/\/gillmanfest.com.ve\/ccs-2025-xx-aniversario\/wp-content\/uploads\/2025\/04\/DSC_0417-1024x683.jpg\" style=\"margin: 2px\" src=\"https:\/\/gillmanfest.com.ve\/ccs-2025-xx-aniversario\/wp-content\/uploads\/2025\/04\/DSC_0417-scaled-1024x1024.jpg\" width=209 height=209 title=\"PAUL GILLMAN Y LOS VALIENTES\" \/><\/a><\/div><div class=\"tiled-gallery-item calling-this\"><a border=\"0\" href=\"https:\/\/gillmanfest.com.ve\/ccs-2025-xx-aniversario\/wp-content\/uploads\/2025\/04\/DSC_0353-scaled.jpg\"><img decoding=\"async\" data-attachment-id=\"968\" data-orig-file=\"https:\/\/gillmanfest.com.ve\/ccs-2025-xx-aniversario\/wp-content\/uploads\/2025\/04\/DSC_0353-scaled.jpg\" data-orig-size=\"2560,1707\" data-comments-opened=\"1\" data-image-meta=\"{&quot;aperture&quot;:&quot;5.3&quot;,&quot;credit&quot;:&quot;&quot;,&quot;camera&quot;:&quot;NIKON D5300&quot;,&quot;caption&quot;:&quot;&quot;,&quot;created_timestamp&quot;:&quot;1740247231&quot;,&quot;copyright&quot;:&quot;&quot;,&quot;focal_length&quot;:&quot;75&quot;,&quot;iso&quot;:&quot;3200&quot;,&quot;shutter_speed&quot;:&quot;0.005&quot;,&quot;title&quot;:&quot;&quot;,&quot;orientation&quot;:&quot;1&quot;}\" data-image-title=\"PAUL GILLMAN Y LOS VALIENTES\" data-image-description=\"\" data-medium-file=\"https:\/\/gillmanfest.com.ve\/ccs-2025-xx-aniversario\/wp-content\/uploads\/2025\/04\/DSC_0353-300x200.jpg\" data-large-file=\"https:\/\/gillmanfest.com.ve\/ccs-2025-xx-aniversario\/wp-content\/uploads\/2025\/04\/DSC_0353-1024x683.jpg\" style=\"margin: 2px\" src=\"https:\/\/gillmanfest.com.ve\/ccs-2025-xx-aniversario\/wp-content\/uploads\/2025\/04\/DSC_0353-scaled-1024x1024.jpg\" width=209 height=209 title=\"PAUL GILLMAN Y LOS VALIENTES\" \/><\/a><\/div><div class=\"tiled-gallery-item calling-this\"><a border=\"0\" href=\"https:\/\/gillmanfest.com.ve\/ccs-2025-xx-aniversario\/wp-content\/uploads\/2025\/04\/DSC_0250-scaled.jpg\"><img decoding=\"async\" data-attachment-id=\"967\" data-orig-file=\"https:\/\/gillmanfest.com.ve\/ccs-2025-xx-aniversario\/wp-content\/uploads\/2025\/04\/DSC_0250-scaled.jpg\" data-orig-size=\"1930,2560\" data-comments-opened=\"1\" data-image-meta=\"{&quot;aperture&quot;:&quot;5.6&quot;,&quot;credit&quot;:&quot;&quot;,&quot;camera&quot;:&quot;NIKON D5300&quot;,&quot;caption&quot;:&quot;&quot;,&quot;created_timestamp&quot;:&quot;1740245523&quot;,&quot;copyright&quot;:&quot;&quot;,&quot;focal_length&quot;:&quot;85&quot;,&quot;iso&quot;:&quot;2000&quot;,&quot;shutter_speed&quot;:&quot;0.005&quot;,&quot;title&quot;:&quot;&quot;,&quot;orientation&quot;:&quot;1&quot;}\" data-image-title=\"PAUL GILLMAN Y LOS VALIENTES\" data-image-description=\"\" data-medium-file=\"https:\/\/gillmanfest.com.ve\/ccs-2025-xx-aniversario\/wp-content\/uploads\/2025\/04\/DSC_0250-226x300.jpg\" data-large-file=\"https:\/\/gillmanfest.com.ve\/ccs-2025-xx-aniversario\/wp-content\/uploads\/2025\/04\/DSC_0250-772x1024.jpg\" style=\"margin: 2px\" src=\"https:\/\/gillmanfest.com.ve\/ccs-2025-xx-aniversario\/wp-content\/uploads\/2025\/04\/DSC_0250-scaled-1024x1024.jpg\" width=209 height=209 title=\"PAUL GILLMAN Y LOS VALIENTES\" \/><\/a><\/div><\/div>\n","protected":false},"excerpt":{"rendered":"<p>PAUL GILLMAN Vocalista LUIS LOYO Guitarra y Coros JUAN CARLOS COLOMBO Bater\u00eda JOHN BUSTAMANTE Guitarra y Coros LUIS \u00abVAMPIRO\u00bb SANABRIA Bajo SOBRE LA BANDA PAUL GILLMAN y LOS VALIENTES es el d\u00e9cimo proyecto musical de PAUL GILLMAN desde la fundaci\u00f3n de POWER AGE en 1978 hasta nuestros d\u00edas, el mismo est\u00e1 inspirado en sus 7 [&hellip;]<\/p>\n","protected":false},"author":1,"featured_media":963,"comment_status":"open","ping_status":"open","sticky":false,"template":"","format":"standard","meta":{"footnotes":""},"categories":[5],"tags":[],"class_list":["post-904","post","type-post","status-publish","format-standard","has-post-thumbnail","hentry","category-slider"],"yoast_head":"<!-- This site is optimized with the Yoast SEO plugin v27.5 - https:\/\/yoast.com\/product\/yoast-seo-wordpress\/ -->\n<title>Paul Gillman y Los Valientes - GILLMANFEST<\/title>\n<meta name=\"description\" content=\"PAUL GILLMAN y LOS VALIENTES es el d\u00e9cimo proyecto musical de PAUL GILLMAN desde la fundaci\u00f3n de POWER AGE en 1978 hasta nuestros d\u00edas...\" \/>\n<meta name=\"robots\" content=\"index, follow, max-snippet:-1, max-image-preview:large, max-video-preview:-1\" \/>\n<link rel=\"canonical\" href=\"https:\/\/gillmanfest.com.ve\/ccs-2025-xx-aniversario\/2025\/04\/27\/paul-gillman-y-los-valientes\/\" \/>\n<meta property=\"og:locale\" content=\"es_ES\" \/>\n<meta property=\"og:type\" content=\"article\" \/>\n<meta property=\"og:title\" content=\"Paul Gillman y Los Valientes - GILLMANFEST\" \/>\n<meta property=\"og:description\" content=\"PAUL GILLMAN y LOS VALIENTES es el d\u00e9cimo proyecto musical de PAUL GILLMAN desde la fundaci\u00f3n de POWER AGE en 1978 hasta nuestros d\u00edas...\" \/>\n<meta property=\"og:url\" content=\"https:\/\/gillmanfest.com.ve\/ccs-2025-xx-aniversario\/2025\/04\/27\/paul-gillman-y-los-valientes\/\" \/>\n<meta property=\"og:site_name\" content=\"GILLMANFEST\" \/>\n<meta property=\"article:published_time\" content=\"2025-04-27T10:00:57+00:00\" \/>\n<meta property=\"article:modified_time\" content=\"2025-04-28T02:34:31+00:00\" \/>\n<meta property=\"og:image\" content=\"https:\/\/gillmanfest.com.ve\/ccs-2025-xx-aniversario\/wp-content\/uploads\/2025\/04\/PG-Y-LOS-VALIENTES-SLIDER-1.jpg\" \/>\n\t<meta property=\"og:image:width\" content=\"1080\" \/>\n\t<meta property=\"og:image:height\" content=\"720\" \/>\n\t<meta property=\"og:image:type\" content=\"image\/jpeg\" \/>\n<meta name=\"author\" content=\"GILLMANFEST\" \/>\n<meta name=\"twitter:card\" content=\"summary_large_image\" \/>\n<meta name=\"twitter:label1\" content=\"Escrito por\" \/>\n\t<meta name=\"twitter:data1\" content=\"GILLMANFEST\" \/>\n\t<meta name=\"twitter:label2\" content=\"Tiempo de lectura\" \/>\n\t<meta name=\"twitter:data2\" content=\"3 minutos\" \/>\n<script type=\"application\/ld+json\" class=\"yoast-schema-graph\">{\"@context\":\"https:\\\/\\\/schema.org\",\"@graph\":[{\"@type\":\"Article\",\"@id\":\"https:\\\/\\\/gillmanfest.com.ve\\\/ccs-2025-xx-aniversario\\\/2025\\\/04\\\/27\\\/paul-gillman-y-los-valientes\\\/#article\",\"isPartOf\":{\"@id\":\"https:\\\/\\\/gillmanfest.com.ve\\\/ccs-2025-xx-aniversario\\\/2025\\\/04\\\/27\\\/paul-gillman-y-los-valientes\\\/\"},\"author\":{\"name\":\"GILLMANFEST\",\"@id\":\"https:\\\/\\\/gillmanfest.com.ve\\\/ccs-2025-xx-aniversario\\\/#\\\/schema\\\/person\\\/eccb76ba88b5a29a51eac7a3192d3ab4\"},\"headline\":\"Paul Gillman y Los Valientes\",\"datePublished\":\"2025-04-27T10:00:57+00:00\",\"dateModified\":\"2025-04-28T02:34:31+00:00\",\"mainEntityOfPage\":{\"@id\":\"https:\\\/\\\/gillmanfest.com.ve\\\/ccs-2025-xx-aniversario\\\/2025\\\/04\\\/27\\\/paul-gillman-y-los-valientes\\\/\"},\"wordCount\":377,\"commentCount\":0,\"publisher\":{\"@id\":\"https:\\\/\\\/gillmanfest.com.ve\\\/ccs-2025-xx-aniversario\\\/#organization\"},\"image\":{\"@id\":\"https:\\\/\\\/gillmanfest.com.ve\\\/ccs-2025-xx-aniversario\\\/2025\\\/04\\\/27\\\/paul-gillman-y-los-valientes\\\/#primaryimage\"},\"thumbnailUrl\":\"https:\\\/\\\/gillmanfest.com.ve\\\/ccs-2025-xx-aniversario\\\/wp-content\\\/uploads\\\/2025\\\/04\\\/PG-Y-LOS-VALIENTES-SLIDER-1.jpg\",\"articleSection\":[\"SLIDER\"],\"inLanguage\":\"es\",\"potentialAction\":[{\"@type\":\"CommentAction\",\"name\":\"Comment\",\"target\":[\"https:\\\/\\\/gillmanfest.com.ve\\\/ccs-2025-xx-aniversario\\\/2025\\\/04\\\/27\\\/paul-gillman-y-los-valientes\\\/#respond\"]}]},{\"@type\":\"WebPage\",\"@id\":\"https:\\\/\\\/gillmanfest.com.ve\\\/ccs-2025-xx-aniversario\\\/2025\\\/04\\\/27\\\/paul-gillman-y-los-valientes\\\/\",\"url\":\"https:\\\/\\\/gillmanfest.com.ve\\\/ccs-2025-xx-aniversario\\\/2025\\\/04\\\/27\\\/paul-gillman-y-los-valientes\\\/\",\"name\":\"Paul Gillman y Los Valientes - GILLMANFEST\",\"isPartOf\":{\"@id\":\"https:\\\/\\\/gillmanfest.com.ve\\\/ccs-2025-xx-aniversario\\\/#website\"},\"primaryImageOfPage\":{\"@id\":\"https:\\\/\\\/gillmanfest.com.ve\\\/ccs-2025-xx-aniversario\\\/2025\\\/04\\\/27\\\/paul-gillman-y-los-valientes\\\/#primaryimage\"},\"image\":{\"@id\":\"https:\\\/\\\/gillmanfest.com.ve\\\/ccs-2025-xx-aniversario\\\/2025\\\/04\\\/27\\\/paul-gillman-y-los-valientes\\\/#primaryimage\"},\"thumbnailUrl\":\"https:\\\/\\\/gillmanfest.com.ve\\\/ccs-2025-xx-aniversario\\\/wp-content\\\/uploads\\\/2025\\\/04\\\/PG-Y-LOS-VALIENTES-SLIDER-1.jpg\",\"datePublished\":\"2025-04-27T10:00:57+00:00\",\"dateModified\":\"2025-04-28T02:34:31+00:00\",\"description\":\"PAUL GILLMAN y LOS VALIENTES es el d\u00e9cimo proyecto musical de PAUL GILLMAN desde la fundaci\u00f3n de POWER AGE en 1978 hasta nuestros d\u00edas...\",\"breadcrumb\":{\"@id\":\"https:\\\/\\\/gillmanfest.com.ve\\\/ccs-2025-xx-aniversario\\\/2025\\\/04\\\/27\\\/paul-gillman-y-los-valientes\\\/#breadcrumb\"},\"inLanguage\":\"es\",\"potentialAction\":[{\"@type\":\"ReadAction\",\"target\":[\"https:\\\/\\\/gillmanfest.com.ve\\\/ccs-2025-xx-aniversario\\\/2025\\\/04\\\/27\\\/paul-gillman-y-los-valientes\\\/\"]}]},{\"@type\":\"ImageObject\",\"inLanguage\":\"es\",\"@id\":\"https:\\\/\\\/gillmanfest.com.ve\\\/ccs-2025-xx-aniversario\\\/2025\\\/04\\\/27\\\/paul-gillman-y-los-valientes\\\/#primaryimage\",\"url\":\"https:\\\/\\\/gillmanfest.com.ve\\\/ccs-2025-xx-aniversario\\\/wp-content\\\/uploads\\\/2025\\\/04\\\/PG-Y-LOS-VALIENTES-SLIDER-1.jpg\",\"contentUrl\":\"https:\\\/\\\/gillmanfest.com.ve\\\/ccs-2025-xx-aniversario\\\/wp-content\\\/uploads\\\/2025\\\/04\\\/PG-Y-LOS-VALIENTES-SLIDER-1.jpg\",\"width\":1080,\"height\":720,\"caption\":\"PAUL GILLMAN Y LOS VALIENTES\"},{\"@type\":\"BreadcrumbList\",\"@id\":\"https:\\\/\\\/gillmanfest.com.ve\\\/ccs-2025-xx-aniversario\\\/2025\\\/04\\\/27\\\/paul-gillman-y-los-valientes\\\/#breadcrumb\",\"itemListElement\":[{\"@type\":\"ListItem\",\"position\":1,\"name\":\"Home\",\"item\":\"https:\\\/\\\/gillmanfest.com.ve\\\/ccs-2025-xx-aniversario\\\/\"},{\"@type\":\"ListItem\",\"position\":2,\"name\":\"Paul Gillman y Los Valientes\"}]},{\"@type\":\"WebSite\",\"@id\":\"https:\\\/\\\/gillmanfest.com.ve\\\/ccs-2025-xx-aniversario\\\/#website\",\"url\":\"https:\\\/\\\/gillmanfest.com.ve\\\/ccs-2025-xx-aniversario\\\/\",\"name\":\"GILLMANFEST\",\"description\":\"CARACAS 2025 - XX ANIVERSARIO\",\"publisher\":{\"@id\":\"https:\\\/\\\/gillmanfest.com.ve\\\/ccs-2025-xx-aniversario\\\/#organization\"},\"potentialAction\":[{\"@type\":\"SearchAction\",\"target\":{\"@type\":\"EntryPoint\",\"urlTemplate\":\"https:\\\/\\\/gillmanfest.com.ve\\\/ccs-2025-xx-aniversario\\\/?s={search_term_string}\"},\"query-input\":{\"@type\":\"PropertyValueSpecification\",\"valueRequired\":true,\"valueName\":\"search_term_string\"}}],\"inLanguage\":\"es\"},{\"@type\":\"Organization\",\"@id\":\"https:\\\/\\\/gillmanfest.com.ve\\\/ccs-2025-xx-aniversario\\\/#organization\",\"name\":\"GILLMANFEST\",\"url\":\"https:\\\/\\\/gillmanfest.com.ve\\\/ccs-2025-xx-aniversario\\\/\",\"logo\":{\"@type\":\"ImageObject\",\"inLanguage\":\"es\",\"@id\":\"https:\\\/\\\/gillmanfest.com.ve\\\/ccs-2025-xx-aniversario\\\/#\\\/schema\\\/logo\\\/image\\\/\",\"url\":\"https:\\\/\\\/gillmanfest.com.ve\\\/ccs-2025-xx-aniversario\\\/wp-content\\\/uploads\\\/2025\\\/04\\\/cropped-GF-CCS-2025.png\",\"contentUrl\":\"https:\\\/\\\/gillmanfest.com.ve\\\/ccs-2025-xx-aniversario\\\/wp-content\\\/uploads\\\/2025\\\/04\\\/cropped-GF-CCS-2025.png\",\"width\":1080,\"height\":250,\"caption\":\"GILLMANFEST\"},\"image\":{\"@id\":\"https:\\\/\\\/gillmanfest.com.ve\\\/ccs-2025-xx-aniversario\\\/#\\\/schema\\\/logo\\\/image\\\/\"}},{\"@type\":\"Person\",\"@id\":\"https:\\\/\\\/gillmanfest.com.ve\\\/ccs-2025-xx-aniversario\\\/#\\\/schema\\\/person\\\/eccb76ba88b5a29a51eac7a3192d3ab4\",\"name\":\"GILLMANFEST\",\"image\":{\"@type\":\"ImageObject\",\"inLanguage\":\"es\",\"@id\":\"https:\\\/\\\/secure.gravatar.com\\\/avatar\\\/175d8975ebc61d5d61b2e30d3ffd13bc83569e1542c6ece0866959f9a94c1ff3?s=96&d=mm&r=g\",\"url\":\"https:\\\/\\\/secure.gravatar.com\\\/avatar\\\/175d8975ebc61d5d61b2e30d3ffd13bc83569e1542c6ece0866959f9a94c1ff3?s=96&d=mm&r=g\",\"contentUrl\":\"https:\\\/\\\/secure.gravatar.com\\\/avatar\\\/175d8975ebc61d5d61b2e30d3ffd13bc83569e1542c6ece0866959f9a94c1ff3?s=96&d=mm&r=g\",\"caption\":\"GILLMANFEST\"},\"sameAs\":[\"https:\\\/\\\/gillmanfest.com.ve\\\/ccs-2025-xx-aniversario\"],\"url\":\"https:\\\/\\\/gillmanfest.com.ve\\\/ccs-2025-xx-aniversario\\\/author\\\/kp32v9h66\\\/\"}]}<\/script>\n<!-- \/ Yoast SEO plugin. -->","yoast_head_json":{"title":"Paul Gillman y Los Valientes - GILLMANFEST","description":"PAUL GILLMAN y LOS VALIENTES es el d\u00e9cimo proyecto musical de PAUL GILLMAN desde la fundaci\u00f3n de POWER AGE en 1978 hasta nuestros d\u00edas...","robots":{"index":"index","follow":"follow","max-snippet":"max-snippet:-1","max-image-preview":"max-image-preview:large","max-video-preview":"max-video-preview:-1"},"canonical":"https:\/\/gillmanfest.com.ve\/ccs-2025-xx-aniversario\/2025\/04\/27\/paul-gillman-y-los-valientes\/","og_locale":"es_ES","og_type":"article","og_title":"Paul Gillman y Los Valientes - GILLMANFEST","og_description":"PAUL GILLMAN y LOS VALIENTES es el d\u00e9cimo proyecto musical de PAUL GILLMAN desde la fundaci\u00f3n de POWER AGE en 1978 hasta nuestros d\u00edas...","og_url":"https:\/\/gillmanfest.com.ve\/ccs-2025-xx-aniversario\/2025\/04\/27\/paul-gillman-y-los-valientes\/","og_site_name":"GILLMANFEST","article_published_time":"2025-04-27T10:00:57+00:00","article_modified_time":"2025-04-28T02:34:31+00:00","og_image":[{"width":1080,"height":720,"url":"https:\/\/gillmanfest.com.ve\/ccs-2025-xx-aniversario\/wp-content\/uploads\/2025\/04\/PG-Y-LOS-VALIENTES-SLIDER-1.jpg","type":"image\/jpeg"}],"author":"GILLMANFEST","twitter_card":"summary_large_image","twitter_misc":{"Escrito por":"GILLMANFEST","Tiempo de lectura":"3 minutos"},"schema":{"@context":"https:\/\/schema.org","@graph":[{"@type":"Article","@id":"https:\/\/gillmanfest.com.ve\/ccs-2025-xx-aniversario\/2025\/04\/27\/paul-gillman-y-los-valientes\/#article","isPartOf":{"@id":"https:\/\/gillmanfest.com.ve\/ccs-2025-xx-aniversario\/2025\/04\/27\/paul-gillman-y-los-valientes\/"},"author":{"name":"GILLMANFEST","@id":"https:\/\/gillmanfest.com.ve\/ccs-2025-xx-aniversario\/#\/schema\/person\/eccb76ba88b5a29a51eac7a3192d3ab4"},"headline":"Paul Gillman y Los Valientes","datePublished":"2025-04-27T10:00:57+00:00","dateModified":"2025-04-28T02:34:31+00:00","mainEntityOfPage":{"@id":"https:\/\/gillmanfest.com.ve\/ccs-2025-xx-aniversario\/2025\/04\/27\/paul-gillman-y-los-valientes\/"},"wordCount":377,"commentCount":0,"publisher":{"@id":"https:\/\/gillmanfest.com.ve\/ccs-2025-xx-aniversario\/#organization"},"image":{"@id":"https:\/\/gillmanfest.com.ve\/ccs-2025-xx-aniversario\/2025\/04\/27\/paul-gillman-y-los-valientes\/#primaryimage"},"thumbnailUrl":"https:\/\/gillmanfest.com.ve\/ccs-2025-xx-aniversario\/wp-content\/uploads\/2025\/04\/PG-Y-LOS-VALIENTES-SLIDER-1.jpg","articleSection":["SLIDER"],"inLanguage":"es","potentialAction":[{"@type":"CommentAction","name":"Comment","target":["https:\/\/gillmanfest.com.ve\/ccs-2025-xx-aniversario\/2025\/04\/27\/paul-gillman-y-los-valientes\/#respond"]}]},{"@type":"WebPage","@id":"https:\/\/gillmanfest.com.ve\/ccs-2025-xx-aniversario\/2025\/04\/27\/paul-gillman-y-los-valientes\/","url":"https:\/\/gillmanfest.com.ve\/ccs-2025-xx-aniversario\/2025\/04\/27\/paul-gillman-y-los-valientes\/","name":"Paul Gillman y Los Valientes - GILLMANFEST","isPartOf":{"@id":"https:\/\/gillmanfest.com.ve\/ccs-2025-xx-aniversario\/#website"},"primaryImageOfPage":{"@id":"https:\/\/gillmanfest.com.ve\/ccs-2025-xx-aniversario\/2025\/04\/27\/paul-gillman-y-los-valientes\/#primaryimage"},"image":{"@id":"https:\/\/gillmanfest.com.ve\/ccs-2025-xx-aniversario\/2025\/04\/27\/paul-gillman-y-los-valientes\/#primaryimage"},"thumbnailUrl":"https:\/\/gillmanfest.com.ve\/ccs-2025-xx-aniversario\/wp-content\/uploads\/2025\/04\/PG-Y-LOS-VALIENTES-SLIDER-1.jpg","datePublished":"2025-04-27T10:00:57+00:00","dateModified":"2025-04-28T02:34:31+00:00","description":"PAUL GILLMAN y LOS VALIENTES es el d\u00e9cimo proyecto musical de PAUL GILLMAN desde la fundaci\u00f3n de POWER AGE en 1978 hasta nuestros d\u00edas...","breadcrumb":{"@id":"https:\/\/gillmanfest.com.ve\/ccs-2025-xx-aniversario\/2025\/04\/27\/paul-gillman-y-los-valientes\/#breadcrumb"},"inLanguage":"es","potentialAction":[{"@type":"ReadAction","target":["https:\/\/gillmanfest.com.ve\/ccs-2025-xx-aniversario\/2025\/04\/27\/paul-gillman-y-los-valientes\/"]}]},{"@type":"ImageObject","inLanguage":"es","@id":"https:\/\/gillmanfest.com.ve\/ccs-2025-xx-aniversario\/2025\/04\/27\/paul-gillman-y-los-valientes\/#primaryimage","url":"https:\/\/gillmanfest.com.ve\/ccs-2025-xx-aniversario\/wp-content\/uploads\/2025\/04\/PG-Y-LOS-VALIENTES-SLIDER-1.jpg","contentUrl":"https:\/\/gillmanfest.com.ve\/ccs-2025-xx-aniversario\/wp-content\/uploads\/2025\/04\/PG-Y-LOS-VALIENTES-SLIDER-1.jpg","width":1080,"height":720,"caption":"PAUL GILLMAN Y LOS VALIENTES"},{"@type":"BreadcrumbList","@id":"https:\/\/gillmanfest.com.ve\/ccs-2025-xx-aniversario\/2025\/04\/27\/paul-gillman-y-los-valientes\/#breadcrumb","itemListElement":[{"@type":"ListItem","position":1,"name":"Home","item":"https:\/\/gillmanfest.com.ve\/ccs-2025-xx-aniversario\/"},{"@type":"ListItem","position":2,"name":"Paul Gillman y Los Valientes"}]},{"@type":"WebSite","@id":"https:\/\/gillmanfest.com.ve\/ccs-2025-xx-aniversario\/#website","url":"https:\/\/gillmanfest.com.ve\/ccs-2025-xx-aniversario\/","name":"GILLMANFEST","description":"CARACAS 2025 - XX ANIVERSARIO","publisher":{"@id":"https:\/\/gillmanfest.com.ve\/ccs-2025-xx-aniversario\/#organization"},"potentialAction":[{"@type":"SearchAction","target":{"@type":"EntryPoint","urlTemplate":"https:\/\/gillmanfest.com.ve\/ccs-2025-xx-aniversario\/?s={search_term_string}"},"query-input":{"@type":"PropertyValueSpecification","valueRequired":true,"valueName":"search_term_string"}}],"inLanguage":"es"},{"@type":"Organization","@id":"https:\/\/gillmanfest.com.ve\/ccs-2025-xx-aniversario\/#organization","name":"GILLMANFEST","url":"https:\/\/gillmanfest.com.ve\/ccs-2025-xx-aniversario\/","logo":{"@type":"ImageObject","inLanguage":"es","@id":"https:\/\/gillmanfest.com.ve\/ccs-2025-xx-aniversario\/#\/schema\/logo\/image\/","url":"https:\/\/gillmanfest.com.ve\/ccs-2025-xx-aniversario\/wp-content\/uploads\/2025\/04\/cropped-GF-CCS-2025.png","contentUrl":"https:\/\/gillmanfest.com.ve\/ccs-2025-xx-aniversario\/wp-content\/uploads\/2025\/04\/cropped-GF-CCS-2025.png","width":1080,"height":250,"caption":"GILLMANFEST"},"image":{"@id":"https:\/\/gillmanfest.com.ve\/ccs-2025-xx-aniversario\/#\/schema\/logo\/image\/"}},{"@type":"Person","@id":"https:\/\/gillmanfest.com.ve\/ccs-2025-xx-aniversario\/#\/schema\/person\/eccb76ba88b5a29a51eac7a3192d3ab4","name":"GILLMANFEST","image":{"@type":"ImageObject","inLanguage":"es","@id":"https:\/\/secure.gravatar.com\/avatar\/175d8975ebc61d5d61b2e30d3ffd13bc83569e1542c6ece0866959f9a94c1ff3?s=96&d=mm&r=g","url":"https:\/\/secure.gravatar.com\/avatar\/175d8975ebc61d5d61b2e30d3ffd13bc83569e1542c6ece0866959f9a94c1ff3?s=96&d=mm&r=g","contentUrl":"https:\/\/secure.gravatar.com\/avatar\/175d8975ebc61d5d61b2e30d3ffd13bc83569e1542c6ece0866959f9a94c1ff3?s=96&d=mm&r=g","caption":"GILLMANFEST"},"sameAs":["https:\/\/gillmanfest.com.ve\/ccs-2025-xx-aniversario"],"url":"https:\/\/gillmanfest.com.ve\/ccs-2025-xx-aniversario\/author\/kp32v9h66\/"}]}},"_links":{"self":[{"href":"https:\/\/gillmanfest.com.ve\/ccs-2025-xx-aniversario\/wp-json\/wp\/v2\/posts\/904","targetHints":{"allow":["GET"]}}],"collection":[{"href":"https:\/\/gillmanfest.com.ve\/ccs-2025-xx-aniversario\/wp-json\/wp\/v2\/posts"}],"about":[{"href":"https:\/\/gillmanfest.com.ve\/ccs-2025-xx-aniversario\/wp-json\/wp\/v2\/types\/post"}],"author":[{"embeddable":true,"href":"https:\/\/gillmanfest.com.ve\/ccs-2025-xx-aniversario\/wp-json\/wp\/v2\/users\/1"}],"replies":[{"embeddable":true,"href":"https:\/\/gillmanfest.com.ve\/ccs-2025-xx-aniversario\/wp-json\/wp\/v2\/comments?post=904"}],"version-history":[{"count":8,"href":"https:\/\/gillmanfest.com.ve\/ccs-2025-xx-aniversario\/wp-json\/wp\/v2\/posts\/904\/revisions"}],"predecessor-version":[{"id":976,"href":"https:\/\/gillmanfest.com.ve\/ccs-2025-xx-aniversario\/wp-json\/wp\/v2\/posts\/904\/revisions\/976"}],"wp:featuredmedia":[{"embeddable":true,"href":"https:\/\/gillmanfest.com.ve\/ccs-2025-xx-aniversario\/wp-json\/wp\/v2\/media\/963"}],"wp:attachment":[{"href":"https:\/\/gillmanfest.com.ve\/ccs-2025-xx-aniversario\/wp-json\/wp\/v2\/media?parent=904"}],"wp:term":[{"taxonomy":"category","embeddable":true,"href":"https:\/\/gillmanfest.com.ve\/ccs-2025-xx-aniversario\/wp-json\/wp\/v2\/categories?post=904"},{"taxonomy":"post_tag","embeddable":true,"href":"https:\/\/gillmanfest.com.ve\/ccs-2025-xx-aniversario\/wp-json\/wp\/v2\/tags?post=904"}],"curies":[{"name":"wp","href":"https:\/\/api.w.org\/{rel}","templated":true}]}}